{"id":586,"date":"2021-11-02T17:10:00","date_gmt":"2021-11-02T17:10:00","guid":{"rendered":"https:\/\/pesipac.cimregiaodeleiria.pt\/?p=586"},"modified":"2021-11-12T10:17:43","modified_gmt":"2021-11-12T10:17:43","slug":"lancamento-do-concurso-da-mascote-do-pesipac-rl","status":"publish","type":"post","link":"https:\/\/pesipac.cimregiaodeleiria.pt\/?p=586","title":{"rendered":"Lan\u00e7amento do Concurso da Mascote do PESIPAC-RL"},"content":{"rendered":"\n<h2 class=\"wp-block-heading\">Lan\u00e7amento do Concurso da Mascote do PESIPAC-RL<\/h2>\n\n\n\n<p><\/p>\n\n\n\n<p class=\"has-small-font-size\">02\/Nov\/2021<\/p>\n\n\n\n<p>Foi hoje lan\u00e7ado um concurso para a cria\u00e7\u00e3o da mascote do PESIPAC-RL, uma mascote amiga do ambiente.<\/p>\n\n\n\n<p>A Comunidade Intermunicipal da Regi\u00e3o de Leiria (CIM da Regi\u00e3o de Leiria) encontra-se a implementar o \u201c<em>Programa de Educa\u00e7\u00e3o, Sensibiliza\u00e7\u00e3o e Informa\u00e7\u00e3o P\u00fablica sobre Altera\u00e7\u00f5es Clim\u00e1ticas da Regi\u00e3o de Leiria (PESIPAC-RL)<\/em>\u201d (POSEUR-02-1708-FC-000053), opera\u00e7\u00e3o cofinanciada pelo Programa Operacional Sustentabilidade e Efici\u00eancia no Uso de Recursos (POSEUR).<\/p>\n\n\n\n<p>Entre o conjunto de a\u00e7\u00f5es destinadas ao p\u00fablico infantil, a opera\u00e7\u00e3o inclui a dinamiza\u00e7\u00e3o de um concurso escolar interturmas, destinado ao 1.\u00ba ciclo do ensino b\u00e1sico, para cria\u00e7\u00e3o da mascote do&nbsp;<em>PESIPAC-RL<\/em>, que figurar\u00e1 em todos os materiais a serem desenvolvidos para este p\u00fablico. A mascote ir\u00e1, assim, funcionar como uma personagem amig\u00e1vel e divertida que facilitar\u00e1 a comunica\u00e7\u00e3o e interatividade com as crian\u00e7as da regi\u00e3o de Leiria, assumindo o papel de \u201cporta-voz\u201d em mat\u00e9ria de sensibiliza\u00e7\u00e3o ambiental.<\/p>\n\n\n\n<p>O concurso decorrer\u00e1  02 a 19 de novembro e a turma vencedora ganhar\u00e1 uma viagem ao Ocean\u00e1rio de Lisboa.<\/p>\n\n\n\n<p><a href=\"https:\/\/pesipac.cimregiaodeleiria.pt\/?page_id=176\" target=\"_blank\" rel=\"noreferrer noopener\">Consulte aqui todos os detalhes de participa\u00e7\u00e3o.<\/a><\/p>\n\n\n\n<div style=\"height:100px\" aria-hidden=\"true\" class=\"wp-block-spacer\"><\/div>\n\n\n\n<figure class=\"wp-block-image size-large\"><img decoding=\"async\" src=\"https:\/\/pesipac.cimregiaodeleiria.pt\/wp-content\/uploads\/2021\/11\/Captura-de-ecra-2021-11-11-as-17.08.37-e1636650638861-1024x716.png\" alt=\"concurso mascote pesipac rl\" class=\"wp-image-587\"\/><\/figure>\n","protected":false},"excerpt":{"rendered":"<p>Foi hoje lan\u00e7ado um concurso para a cria\u00e7\u00e3o da mascote do PESIPAC-RL, uma mascote amiga do ambiente.<\/p>\n","protected":false},"author":1,"featured_media":587,"comment_status":"open","ping_status":"open","sticky":false,"template":"","format":"standard","meta":{"_et_pb_use_builder":"off","_et_pb_old_content":"","_et_gb_content_width":"","footnotes":""},"categories":[1],"tags":[],"class_list":["post-586","post","type-post","status-publish","format-standard","has-post-thumbnail","hentry","category-uncategorized"],"yoast_head":"<!-- This site is optimized with the Yoast SEO plugin v27.5 - https:\/\/yoast.com\/product\/yoast-seo-wordpress\/ -->\n<title>Lan\u00e7amento do Concurso da Mascote do PESIPAC-RL &#8226; PESIPAC-RL<\/title>\n<meta name=\"description\" content=\"D\u00e1 asas \u00e0 tua imagina\u00e7\u00e3o. Desenha uma mascote amiga do ambiente e ganha uma viagem ao Ocean\u00e1rio de Lisboa.\" \/>\n<meta name=\"robots\" content=\"index, follow, max-snippet:-1, max-image-preview:large, max-video-preview:-1\" \/>\n<link rel=\"canonical\" href=\"https:\/\/pesipac.cimregiaodeleiria.pt\/?p=586\" \/>\n<meta property=\"og:locale\" content=\"pt_PT\" \/>\n<meta property=\"og:type\" content=\"article\" \/>\n<meta property=\"og:title\" content=\"Lan\u00e7amento do Concurso da Mascote do PESIPAC-RL &#8226; PESIPAC-RL\" \/>\n<meta property=\"og:description\" content=\"D\u00e1 asas \u00e0 tua imagina\u00e7\u00e3o. Desenha uma mascote amiga do ambiente e ganha uma viagem ao Ocean\u00e1rio de Lisboa.\" \/>\n<meta property=\"og:url\" content=\"https:\/\/pesipac.cimregiaodeleiria.pt\/?p=586\" \/>\n<meta property=\"og:site_name\" content=\"PESIPAC-RL\" \/>\n<meta property=\"article:published_time\" content=\"2021-11-02T17:10:00+00:00\" \/>\n<meta property=\"article:modified_time\" content=\"2021-11-12T10:17:43+00:00\" \/>\n<meta property=\"og:image\" content=\"https:\/\/pesipac.cimregiaodeleiria.pt\/wp-content\/uploads\/2021\/11\/Captura-de-ecra-2021-11-11-as-17.08.37-e1636651048487.png\" \/>\n\t<meta property=\"og:image:width\" content=\"1254\" \/>\n\t<meta property=\"og:image:height\" content=\"871\" \/>\n\t<meta property=\"og:image:type\" content=\"image\/png\" \/>\n<meta name=\"author\" content=\"admin\" \/>\n<meta name=\"twitter:card\" content=\"summary_large_image\" \/>\n<meta name=\"twitter:label1\" content=\"Escrito por\" \/>\n\t<meta name=\"twitter:data1\" content=\"admin\" \/>\n\t<meta name=\"twitter:label2\" content=\"Tempo estimado de leitura\" \/>\n\t<meta name=\"twitter:data2\" content=\"1 minuto\" \/>\n<script type=\"application\/ld+json\" class=\"yoast-schema-graph\">{\"@context\":\"https:\\\/\\\/schema.org\",\"@graph\":[{\"@type\":\"Article\",\"@id\":\"https:\\\/\\\/pesipac.cimregiaodeleiria.pt\\\/?p=586#article\",\"isPartOf\":{\"@id\":\"https:\\\/\\\/pesipac.cimregiaodeleiria.pt\\\/?p=586\"},\"author\":{\"name\":\"admin\",\"@id\":\"https:\\\/\\\/pesipac.cimregiaodeleiria.pt\\\/#\\\/schema\\\/person\\\/306bdfec63d6ac8943f68f4e86012be5\"},\"headline\":\"Lan\u00e7amento do Concurso da Mascote do PESIPAC-RL\",\"datePublished\":\"2021-11-02T17:10:00+00:00\",\"dateModified\":\"2021-11-12T10:17:43+00:00\",\"mainEntityOfPage\":{\"@id\":\"https:\\\/\\\/pesipac.cimregiaodeleiria.pt\\\/?p=586\"},\"wordCount\":211,\"commentCount\":0,\"publisher\":{\"@id\":\"https:\\\/\\\/pesipac.cimregiaodeleiria.pt\\\/#organization\"},\"image\":{\"@id\":\"https:\\\/\\\/pesipac.cimregiaodeleiria.pt\\\/?p=586#primaryimage\"},\"thumbnailUrl\":\"https:\\\/\\\/pesipac.cimregiaodeleiria.pt\\\/wp-content\\\/uploads\\\/2021\\\/11\\\/Captura-de-ecra-2021-11-11-as-17.08.37-e1636651048487.png\",\"articleSection\":[\"Uncategorized\"],\"inLanguage\":\"pt-PT\",\"potentialAction\":[{\"@type\":\"CommentAction\",\"name\":\"Comment\",\"target\":[\"https:\\\/\\\/pesipac.cimregiaodeleiria.pt\\\/?p=586#respond\"]}]},{\"@type\":\"WebPage\",\"@id\":\"https:\\\/\\\/pesipac.cimregiaodeleiria.pt\\\/?p=586\",\"url\":\"https:\\\/\\\/pesipac.cimregiaodeleiria.pt\\\/?p=586\",\"name\":\"Lan\u00e7amento do Concurso da Mascote do PESIPAC-RL &#8226; PESIPAC-RL\",\"isPartOf\":{\"@id\":\"https:\\\/\\\/pesipac.cimregiaodeleiria.pt\\\/#website\"},\"primaryImageOfPage\":{\"@id\":\"https:\\\/\\\/pesipac.cimregiaodeleiria.pt\\\/?p=586#primaryimage\"},\"image\":{\"@id\":\"https:\\\/\\\/pesipac.cimregiaodeleiria.pt\\\/?p=586#primaryimage\"},\"thumbnailUrl\":\"https:\\\/\\\/pesipac.cimregiaodeleiria.pt\\\/wp-content\\\/uploads\\\/2021\\\/11\\\/Captura-de-ecra-2021-11-11-as-17.08.37-e1636651048487.png\",\"datePublished\":\"2021-11-02T17:10:00+00:00\",\"dateModified\":\"2021-11-12T10:17:43+00:00\",\"description\":\"D\u00e1 asas \u00e0 tua imagina\u00e7\u00e3o. Desenha uma mascote amiga do ambiente e ganha uma viagem ao Ocean\u00e1rio de Lisboa.\",\"breadcrumb\":{\"@id\":\"https:\\\/\\\/pesipac.cimregiaodeleiria.pt\\\/?p=586#breadcrumb\"},\"inLanguage\":\"pt-PT\",\"potentialAction\":[{\"@type\":\"ReadAction\",\"target\":[\"https:\\\/\\\/pesipac.cimregiaodeleiria.pt\\\/?p=586\"]}]},{\"@type\":\"ImageObject\",\"inLanguage\":\"pt-PT\",\"@id\":\"https:\\\/\\\/pesipac.cimregiaodeleiria.pt\\\/?p=586#primaryimage\",\"url\":\"https:\\\/\\\/pesipac.cimregiaodeleiria.pt\\\/wp-content\\\/uploads\\\/2021\\\/11\\\/Captura-de-ecra-2021-11-11-as-17.08.37-e1636651048487.png\",\"contentUrl\":\"https:\\\/\\\/pesipac.cimregiaodeleiria.pt\\\/wp-content\\\/uploads\\\/2021\\\/11\\\/Captura-de-ecra-2021-11-11-as-17.08.37-e1636651048487.png\",\"width\":1254,\"height\":871,\"caption\":\"concurso mascote pesipac rl\"},{\"@type\":\"BreadcrumbList\",\"@id\":\"https:\\\/\\\/pesipac.cimregiaodeleiria.pt\\\/?p=586#breadcrumb\",\"itemListElement\":[{\"@type\":\"ListItem\",\"position\":1,\"name\":\"In\u00edcio\",\"item\":\"https:\\\/\\\/pesipac.cimregiaodeleiria.pt\\\/\"},{\"@type\":\"ListItem\",\"position\":2,\"name\":\"Lan\u00e7amento do Concurso da Mascote do PESIPAC-RL\"}]},{\"@type\":\"WebSite\",\"@id\":\"https:\\\/\\\/pesipac.cimregiaodeleiria.pt\\\/#website\",\"url\":\"https:\\\/\\\/pesipac.cimregiaodeleiria.pt\\\/\",\"name\":\"PESIPAC-RL\",\"description\":\"Juntos vamos virar esta p\u00e1gina\",\"publisher\":{\"@id\":\"https:\\\/\\\/pesipac.cimregiaodeleiria.pt\\\/#organization\"},\"potentialAction\":[{\"@type\":\"SearchAction\",\"target\":{\"@type\":\"EntryPoint\",\"urlTemplate\":\"https:\\\/\\\/pesipac.cimregiaodeleiria.pt\\\/?s={search_term_string}\"},\"query-input\":{\"@type\":\"PropertyValueSpecification\",\"valueRequired\":true,\"valueName\":\"search_term_string\"}}],\"inLanguage\":\"pt-PT\"},{\"@type\":\"Organization\",\"@id\":\"https:\\\/\\\/pesipac.cimregiaodeleiria.pt\\\/#organization\",\"name\":\"PESIPAC-RL\",\"url\":\"https:\\\/\\\/pesipac.cimregiaodeleiria.pt\\\/\",\"logo\":{\"@type\":\"ImageObject\",\"inLanguage\":\"pt-PT\",\"@id\":\"https:\\\/\\\/pesipac.cimregiaodeleiria.pt\\\/#\\\/schema\\\/logo\\\/image\\\/\",\"url\":\"https:\\\/\\\/pesipac.cimregiaodeleiria.pt\\\/wp-content\\\/uploads\\\/2021\\\/10\\\/logotipo-virar-a-pagina-pesipac-rl.png\",\"contentUrl\":\"https:\\\/\\\/pesipac.cimregiaodeleiria.pt\\\/wp-content\\\/uploads\\\/2021\\\/10\\\/logotipo-virar-a-pagina-pesipac-rl.png\",\"width\":165,\"height\":161,\"caption\":\"PESIPAC-RL\"},\"image\":{\"@id\":\"https:\\\/\\\/pesipac.cimregiaodeleiria.pt\\\/#\\\/schema\\\/logo\\\/image\\\/\"}},{\"@type\":\"Person\",\"@id\":\"https:\\\/\\\/pesipac.cimregiaodeleiria.pt\\\/#\\\/schema\\\/person\\\/306bdfec63d6ac8943f68f4e86012be5\",\"name\":\"admin\",\"image\":{\"@type\":\"ImageObject\",\"inLanguage\":\"pt-PT\",\"@id\":\"https:\\\/\\\/secure.gravatar.com\\\/avatar\\\/81cbc2a5ca5e6fa6d90a3169e3050610207f51a8ac450fb907d69828e731c382?s=96&d=mm&r=g\",\"url\":\"https:\\\/\\\/secure.gravatar.com\\\/avatar\\\/81cbc2a5ca5e6fa6d90a3169e3050610207f51a8ac450fb907d69828e731c382?s=96&d=mm&r=g\",\"contentUrl\":\"https:\\\/\\\/secure.gravatar.com\\\/avatar\\\/81cbc2a5ca5e6fa6d90a3169e3050610207f51a8ac450fb907d69828e731c382?s=96&d=mm&r=g\",\"caption\":\"admin\"},\"sameAs\":[\"https:\\\/\\\/pesipac.cimregiaodeleiria.pt\"]}]}<\/script>\n<!-- \/ Yoast SEO plugin. -->","yoast_head_json":{"title":"Lan\u00e7amento do Concurso da Mascote do PESIPAC-RL &#8226; PESIPAC-RL","description":"D\u00e1 asas \u00e0 tua imagina\u00e7\u00e3o. Desenha uma mascote amiga do ambiente e ganha uma viagem ao Ocean\u00e1rio de Lisboa.","robots":{"index":"index","follow":"follow","max-snippet":"max-snippet:-1","max-image-preview":"max-image-preview:large","max-video-preview":"max-video-preview:-1"},"canonical":"https:\/\/pesipac.cimregiaodeleiria.pt\/?p=586","og_locale":"pt_PT","og_type":"article","og_title":"Lan\u00e7amento do Concurso da Mascote do PESIPAC-RL &#8226; PESIPAC-RL","og_description":"D\u00e1 asas \u00e0 tua imagina\u00e7\u00e3o. Desenha uma mascote amiga do ambiente e ganha uma viagem ao Ocean\u00e1rio de Lisboa.","og_url":"https:\/\/pesipac.cimregiaodeleiria.pt\/?p=586","og_site_name":"PESIPAC-RL","article_published_time":"2021-11-02T17:10:00+00:00","article_modified_time":"2021-11-12T10:17:43+00:00","og_image":[{"width":1254,"height":871,"url":"https:\/\/pesipac.cimregiaodeleiria.pt\/wp-content\/uploads\/2021\/11\/Captura-de-ecra-2021-11-11-as-17.08.37-e1636651048487.png","type":"image\/png"}],"author":"admin","twitter_card":"summary_large_image","twitter_misc":{"Escrito por":"admin","Tempo estimado de leitura":"1 minuto"},"schema":{"@context":"https:\/\/schema.org","@graph":[{"@type":"Article","@id":"https:\/\/pesipac.cimregiaodeleiria.pt\/?p=586#article","isPartOf":{"@id":"https:\/\/pesipac.cimregiaodeleiria.pt\/?p=586"},"author":{"name":"admin","@id":"https:\/\/pesipac.cimregiaodeleiria.pt\/#\/schema\/person\/306bdfec63d6ac8943f68f4e86012be5"},"headline":"Lan\u00e7amento do Concurso da Mascote do PESIPAC-RL","datePublished":"2021-11-02T17:10:00+00:00","dateModified":"2021-11-12T10:17:43+00:00","mainEntityOfPage":{"@id":"https:\/\/pesipac.cimregiaodeleiria.pt\/?p=586"},"wordCount":211,"commentCount":0,"publisher":{"@id":"https:\/\/pesipac.cimregiaodeleiria.pt\/#organization"},"image":{"@id":"https:\/\/pesipac.cimregiaodeleiria.pt\/?p=586#primaryimage"},"thumbnailUrl":"https:\/\/pesipac.cimregiaodeleiria.pt\/wp-content\/uploads\/2021\/11\/Captura-de-ecra-2021-11-11-as-17.08.37-e1636651048487.png","articleSection":["Uncategorized"],"inLanguage":"pt-PT","potentialAction":[{"@type":"CommentAction","name":"Comment","target":["https:\/\/pesipac.cimregiaodeleiria.pt\/?p=586#respond"]}]},{"@type":"WebPage","@id":"https:\/\/pesipac.cimregiaodeleiria.pt\/?p=586","url":"https:\/\/pesipac.cimregiaodeleiria.pt\/?p=586","name":"Lan\u00e7amento do Concurso da Mascote do PESIPAC-RL &#8226; PESIPAC-RL","isPartOf":{"@id":"https:\/\/pesipac.cimregiaodeleiria.pt\/#website"},"primaryImageOfPage":{"@id":"https:\/\/pesipac.cimregiaodeleiria.pt\/?p=586#primaryimage"},"image":{"@id":"https:\/\/pesipac.cimregiaodeleiria.pt\/?p=586#primaryimage"},"thumbnailUrl":"https:\/\/pesipac.cimregiaodeleiria.pt\/wp-content\/uploads\/2021\/11\/Captura-de-ecra-2021-11-11-as-17.08.37-e1636651048487.png","datePublished":"2021-11-02T17:10:00+00:00","dateModified":"2021-11-12T10:17:43+00:00","description":"D\u00e1 asas \u00e0 tua imagina\u00e7\u00e3o. Desenha uma mascote amiga do ambiente e ganha uma viagem ao Ocean\u00e1rio de Lisboa.","breadcrumb":{"@id":"https:\/\/pesipac.cimregiaodeleiria.pt\/?p=586#breadcrumb"},"inLanguage":"pt-PT","potentialAction":[{"@type":"ReadAction","target":["https:\/\/pesipac.cimregiaodeleiria.pt\/?p=586"]}]},{"@type":"ImageObject","inLanguage":"pt-PT","@id":"https:\/\/pesipac.cimregiaodeleiria.pt\/?p=586#primaryimage","url":"https:\/\/pesipac.cimregiaodeleiria.pt\/wp-content\/uploads\/2021\/11\/Captura-de-ecra-2021-11-11-as-17.08.37-e1636651048487.png","contentUrl":"https:\/\/pesipac.cimregiaodeleiria.pt\/wp-content\/uploads\/2021\/11\/Captura-de-ecra-2021-11-11-as-17.08.37-e1636651048487.png","width":1254,"height":871,"caption":"concurso mascote pesipac rl"},{"@type":"BreadcrumbList","@id":"https:\/\/pesipac.cimregiaodeleiria.pt\/?p=586#breadcrumb","itemListElement":[{"@type":"ListItem","position":1,"name":"In\u00edcio","item":"https:\/\/pesipac.cimregiaodeleiria.pt\/"},{"@type":"ListItem","position":2,"name":"Lan\u00e7amento do Concurso da Mascote do PESIPAC-RL"}]},{"@type":"WebSite","@id":"https:\/\/pesipac.cimregiaodeleiria.pt\/#website","url":"https:\/\/pesipac.cimregiaodeleiria.pt\/","name":"PESIPAC-RL","description":"Juntos vamos virar esta p\u00e1gina","publisher":{"@id":"https:\/\/pesipac.cimregiaodeleiria.pt\/#organization"},"potentialAction":[{"@type":"SearchAction","target":{"@type":"EntryPoint","urlTemplate":"https:\/\/pesipac.cimregiaodeleiria.pt\/?s={search_term_string}"},"query-input":{"@type":"PropertyValueSpecification","valueRequired":true,"valueName":"search_term_string"}}],"inLanguage":"pt-PT"},{"@type":"Organization","@id":"https:\/\/pesipac.cimregiaodeleiria.pt\/#organization","name":"PESIPAC-RL","url":"https:\/\/pesipac.cimregiaodeleiria.pt\/","logo":{"@type":"ImageObject","inLanguage":"pt-PT","@id":"https:\/\/pesipac.cimregiaodeleiria.pt\/#\/schema\/logo\/image\/","url":"https:\/\/pesipac.cimregiaodeleiria.pt\/wp-content\/uploads\/2021\/10\/logotipo-virar-a-pagina-pesipac-rl.png","contentUrl":"https:\/\/pesipac.cimregiaodeleiria.pt\/wp-content\/uploads\/2021\/10\/logotipo-virar-a-pagina-pesipac-rl.png","width":165,"height":161,"caption":"PESIPAC-RL"},"image":{"@id":"https:\/\/pesipac.cimregiaodeleiria.pt\/#\/schema\/logo\/image\/"}},{"@type":"Person","@id":"https:\/\/pesipac.cimregiaodeleiria.pt\/#\/schema\/person\/306bdfec63d6ac8943f68f4e86012be5","name":"admin","image":{"@type":"ImageObject","inLanguage":"pt-PT","@id":"https:\/\/secure.gravatar.com\/avatar\/81cbc2a5ca5e6fa6d90a3169e3050610207f51a8ac450fb907d69828e731c382?s=96&d=mm&r=g","url":"https:\/\/secure.gravatar.com\/avatar\/81cbc2a5ca5e6fa6d90a3169e3050610207f51a8ac450fb907d69828e731c382?s=96&d=mm&r=g","contentUrl":"https:\/\/secure.gravatar.com\/avatar\/81cbc2a5ca5e6fa6d90a3169e3050610207f51a8ac450fb907d69828e731c382?s=96&d=mm&r=g","caption":"admin"},"sameAs":["https:\/\/pesipac.cimregiaodeleiria.pt"]}]}},"_links":{"self":[{"href":"https:\/\/pesipac.cimregiaodeleiria.pt\/index.php?rest_route=\/wp\/v2\/posts\/586","targetHints":{"allow":["GET"]}}],"collection":[{"href":"https:\/\/pesipac.cimregiaodeleiria.pt\/index.php?rest_route=\/wp\/v2\/posts"}],"about":[{"href":"https:\/\/pesipac.cimregiaodeleiria.pt\/index.php?rest_route=\/wp\/v2\/types\/post"}],"author":[{"embeddable":true,"href":"https:\/\/pesipac.cimregiaodeleiria.pt\/index.php?rest_route=\/wp\/v2\/users\/1"}],"replies":[{"embeddable":true,"href":"https:\/\/pesipac.cimregiaodeleiria.pt\/index.php?rest_route=%2Fwp%2Fv2%2Fcomments&post=586"}],"version-history":[{"count":3,"href":"https:\/\/pesipac.cimregiaodeleiria.pt\/index.php?rest_route=\/wp\/v2\/posts\/586\/revisions"}],"predecessor-version":[{"id":624,"href":"https:\/\/pesipac.cimregiaodeleiria.pt\/index.php?rest_route=\/wp\/v2\/posts\/586\/revisions\/624"}],"wp:featuredmedia":[{"embeddable":true,"href":"https:\/\/pesipac.cimregiaodeleiria.pt\/index.php?rest_route=\/wp\/v2\/media\/587"}],"wp:attachment":[{"href":"https:\/\/pesipac.cimregiaodeleiria.pt\/index.php?rest_route=%2Fwp%2Fv2%2Fmedia&parent=586"}],"wp:term":[{"taxonomy":"category","embeddable":true,"href":"https:\/\/pesipac.cimregiaodeleiria.pt\/index.php?rest_route=%2Fwp%2Fv2%2Fcategories&post=586"},{"taxonomy":"post_tag","embeddable":true,"href":"https:\/\/pesipac.cimregiaodeleiria.pt\/index.php?rest_route=%2Fwp%2Fv2%2Ftags&post=586"}],"curies":[{"name":"wp","href":"https:\/\/api.w.org\/{rel}","templated":true}]}}